{"id":5719,"date":"2023-09-14T04:00:00","date_gmt":"2023-09-14T04:00:00","guid":{"rendered":"https:\/\/practical-life.nl\/verplicht-vanggewas-na-snijmais-in-nv-gebieden\/"},"modified":"2023-12-27T16:43:39","modified_gmt":"2023-12-27T16:43:39","slug":"verplicht-vanggewas-na-snijmais-in-nv-gebieden","status":"publish","type":"post","link":"https:\/\/practical-life.nl\/nl\/verplicht-vanggewas-na-snijmais-in-nv-gebieden\/","title":{"rendered":"Verplicht vanggewas na snijma\u00efs in NV-gebieden"},"content":{"rendered":"<p>Op zand- en l\u00f6ssgronden geldt al jarenlang de verplichting een vanggewas te telen na snijma\u00efs. Deze verplichting geldt met ingang van 2023 ook voor bedrijven in met nutri\u00ebnten verontreinigde gebieden, die gebruik maken van derogatie.<\/p>\n<h4>Wat zijn NV-gebieden?<\/h4>\n<p>In 2023 zijn door de minister met nutri\u00ebnten verontreinigde gebieden (NV-gebieden) aangewezen. Dit zijn gebieden waar extra maatregelen nodig zijn om de waterkwaliteit te verbeteren. In 2023 zijn dit de werkgebieden van de waterschappen Hollands Noorderkwartier, Delfland en Brabantse Delta.&nbsp;<\/p>\n<h4>Hoe een vanggewas inzaaien?<\/h4>\n<p>Een vanggewas na ma\u00efs mag op drie&nbsp;manieren worden ingezaaid:<\/p>\n<ul>\n<li>door onderzaai;<\/li>\n<li>door direct nadat de mais is geoogst een vanggewas in te zaaien; of&nbsp;<\/li>\n<li>door na de oogst van snijmais wintergraan te telen. Dit geldt als hoofdteelt in het volgende jaar.&nbsp;<\/li>\n<\/ul>\n<h4>Wanneer een vanggewas als hoofdteelt?<\/h4>\n<p>Soms is het verplicht om een vanggewas als hoofdteelt te gebruiken voor het volgende jaar. Dit is het geval als het bedrijf vanaf 2 oktober, maar uiterlijk 31 oktober:<\/p>\n<ul>\n<li>een vanggewas teelt na snijmais;&nbsp;of<\/li>\n<li>een andere maissoort oogst en het vanggewas niet direct daarna kan inzaaien.&nbsp;<\/li>\n<\/ul>\n<h4>Vanggewas doorgeven aan RVO.nl tot en met 1 oktober<\/h4>\n<p>Landbouwers op zand- en l\u00f6ssgronden en in de NV-gebieden geven het vanggewas door in de Gecombineerde Opgave op mijn.rvo.nl. Voor ieder maisperceel geeft men het vanggewas op als nateelt. Dit gebeurt voor alle vanggewassen die men zaait. Daarbij moet ook worden ingevuld of er uiterlijk op 1 oktober of na 1 oktober wordt ingezaaid. Indien de ingevulde zaaidatum niet wordt gehaald, hoeft de nieuwe datum alleen doorgegeven te worden als er op of na 2 oktober wordt gezaaid. Doorgeven kan tot en met 1 oktober 2023.<\/p>\n<div style=\"font-size:smaller\" class=\"im_source\">Bron:Rijksdienst voor Ondernemend Nederland | publicatie | 10-09-2023<\/div>\n","protected":false},"excerpt":{"rendered":"<p>Op zand- en l\u00f6ssgronden geldt al jarenlang de verplichting een vanggewas te telen na snijma\u00efs. Deze verplichting geldt met ingang van 2023 ook voor bedrijven in met nutri\u00ebnten verontreinigde gebieden, die gebruik maken van derogatie.<\/p>\n<p>Wat<\/p>\n","protected":false},"author":2,"featured_media":2826,"comment_status":"closed","ping_status":"closed","sticky":false,"template":"","format":"standard","meta":{"_acf_changed":false,"footnotes":""},"categories":[107],"tags":[],"class_list":["post-5719","post","type-post","status-publish","format-standard","has-post-thumbnail","hentry","category-agro-nl"],"acf":[],"_links":{"self":[{"href":"https:\/\/practical-life.nl\/nl\/wp-json\/wp\/v2\/posts\/5719"}],"collection":[{"href":"https:\/\/practical-life.nl\/nl\/wp-json\/wp\/v2\/posts"}],"about":[{"href":"https:\/\/practical-life.nl\/nl\/wp-json\/wp\/v2\/types\/post"}],"author":[{"embeddable":true,"href":"https:\/\/practical-life.nl\/nl\/wp-json\/wp\/v2\/users\/2"}],"replies":[{"embeddable":true,"href":"https:\/\/practical-life.nl\/nl\/wp-json\/wp\/v2\/comments?post=5719"}],"version-history":[{"count":0,"href":"https:\/\/practical-life.nl\/nl\/wp-json\/wp\/v2\/posts\/5719\/revisions"}],"wp:featuredmedia":[{"embeddable":true,"href":"https:\/\/practical-life.nl\/nl\/wp-json\/wp\/v2\/media\/2826"}],"wp:attachment":[{"href":"https:\/\/practical-life.nl\/nl\/wp-json\/wp\/v2\/media?parent=5719"}],"wp:term":[{"taxonomy":"category","embeddable":true,"href":"https:\/\/practical-life.nl\/nl\/wp-json\/wp\/v2\/categories?post=5719"},{"taxonomy":"post_tag","embeddable":true,"href":"https:\/\/practical-life.nl\/nl\/wp-json\/wp\/v2\/tags?post=5719"}],"curies":[{"name":"wp","href":"https:\/\/api.w.org\/{rel}","templated":true}]}}